{"id":1712,"date":"2024-06-26T16:40:32","date_gmt":"2024-06-26T14:40:32","guid":{"rendered":"https:\/\/rseattitude.fr\/?p=1712"},"modified":"2024-07-04T10:30:19","modified_gmt":"2024-07-04T08:30:19","slug":"lutte-contre-les-discriminations-et-les-violences-au-travail-comment-agir-efficacement-en-entreprise","status":"publish","type":"post","link":"https:\/\/rseattitude.fr\/index.php\/2024\/06\/26\/lutte-contre-les-discriminations-et-les-violences-au-travail-comment-agir-efficacement-en-entreprise\/","title":{"rendered":"Lutte contre les discriminations et les violences au travail, comment agir efficacement en entreprise\u00a0?"},"content":{"rendered":"\n<p><strong>Mathilde POLI,<\/strong> experte en mati\u00e8re d&rsquo;\u00e9galit\u00e9\/diversit\u00e9 pour RSE ATTITUDE nous livre un \u00e9clairage utile sur ce vaste sujet. Bonne lecture !<\/p>\n\n\n<div class=\"wp-block-image\">\n<figure class=\"aligncenter size-large is-resized\"><img fetchpriority=\"high\" decoding=\"async\" width=\"683\" height=\"1024\" src=\"https:\/\/rseattitude.fr\/wp-content\/uploads\/2024\/01\/Portraits-pro-mathilde-3-683x1024.jpg\" alt=\"\" class=\"wp-image-1593\" style=\"width:193px;height:auto\" srcset=\"https:\/\/rseattitude.fr\/wp-content\/uploads\/2024\/01\/Portraits-pro-mathilde-3-683x1024.jpg 683w, https:\/\/rseattitude.fr\/wp-content\/uploads\/2024\/01\/Portraits-pro-mathilde-3-200x300.jpg 200w, https:\/\/rseattitude.fr\/wp-content\/uploads\/2024\/01\/Portraits-pro-mathilde-3-768x1152.jpg 768w, https:\/\/rseattitude.fr\/wp-content\/uploads\/2024\/01\/Portraits-pro-mathilde-3-1024x1536.jpg 1024w, https:\/\/rseattitude.fr\/wp-content\/uploads\/2024\/01\/Portraits-pro-mathilde-3-1365x2048.jpg 1365w, https:\/\/rseattitude.fr\/wp-content\/uploads\/2024\/01\/Portraits-pro-mathilde-3-scaled.jpg 1707w\" sizes=\"(max-width: 683px) 100vw, 683px\" \/><\/figure><\/div>\n\n\n<p>\u00ab&nbsp;L\u2019employeur prend les mesures n\u00e9cessaires pour assurer la s\u00e9curit\u00e9 et prot\u00e9ger la sant\u00e9 physique et mentale des travailleurs&nbsp;\u00bb (<a href=\"https:\/\/www.legifrance.gouv.fr\/codes\/article_lc\/LEGIARTI000035640828\/2023-08-21\">Article L4121-1 du Code du travail<\/a>). De nombreuses jurisprudences rappellent une obligation de r\u00e9sultats en la mati\u00e8re, tant pour les maladies professionnelles (<a href=\"https:\/\/www.legifrance.gouv.fr\/juri\/id\/JURITEXT000007046006\/\">Cour de Cassation, 28 f\u00e9vrier 2002<\/a>) que pour les violences au travail et notamment les faits de harc\u00e8lements (<a href=\"https:\/\/www.legifrance.gouv.fr\/juri\/id\/JURITEXT000007053511\/\">Cour de Cassation, 21 juin 2006<\/a>, <a href=\"https:\/\/www.legifrance.gouv.fr\/juri\/id\/JURITEXT000043200378?init=true&amp;page=1&amp;query=19-18.149&amp;searchField=ALL&amp;tab_selection=all\">Cour de cassation, civile, 17 f\u00e9vrier 2021<\/a>).<\/p>\n\n\n\n<p>Des <strong>actions de pr\u00e9vention <\/strong>doivent \u00eatre men\u00e9es afin de limiter au maximum la survenance de ces situations et permettre leur signalement le cas \u00e9ch\u00e9ant. C\u2019est pourquoi la pr\u00e9vention ne peut se limiter \u00e0 une simple information des d\u00e9finitions l\u00e9gales et sanctions encourues, elles doivent permettre \u00e0 l\u2019ensemble des travailleurs et travailleuses d\u2019identifier les situations de violences, d\u2019y r\u00e9agir et de les signaler.<\/p>\n\n\n\n<p>Les faits de violences recouvrent les agissements sexistes, les injures, les discriminations, les harc\u00e8lements moral, discriminatoire et sexuel, les agressions physiques et sexuelles, le viol.<\/p>\n\n\n\n<p><strong>Quelles sont les voies de signalement possibles ?<\/strong><\/p>\n\n\n\n<p>Toute personne au sein de l\u2019entreprise peut \u00eatre t\u00e9moin ou se voir confier des faits de violence et doit donc \u00eatre en capacit\u00e9 d\u2019orienter la victime vers les personnes ressources en interne&nbsp;: manager, RH, repr\u00e9sentant\u00b7e du personnel, r\u00e9f\u00e9rent\u00b7e harc\u00e8lement, direction. Le code du travail rappelle que, d\u00e9pendamment de leur fonction, chacune de ces personnes doit \u00eatre outill\u00e9e pour agir \u00e0 hauteur de son niveau de responsabilit\u00e9&nbsp;: accueillir le t\u00e9moignage d\u2019une personne victime ou t\u00e9moin de violence, l\u2019orienter en fonction de ses besoins, faire cesser les comportements, mettre en \u0153uvre des mesures pour prot\u00e9ger la ou les personnes victimes, mener une enqu\u00eate interne et sanctionner la personne autrice des faits le cas \u00e9ch\u00e9ant (<a href=\"https:\/\/www.legifrance.gouv.fr\/juri\/id\/JURITEXT000046013562?isSuggest=true\">Cour de cassation, 29 juin 2022<\/a>).<\/p>\n\n\n\n<p><strong>Quand mener une enqu\u00eate interne&nbsp;?<\/strong><\/p>\n\n\n\n<p>Si les faits signal\u00e9s sont isol\u00e9s et disposent de preuves mat\u00e9rielles facilement accessibles (par exemple&nbsp;: des propos injurieux dans un e-mail) il n\u2019est pas n\u00e9cessaire d\u2019engager une enqu\u00eate interne. En revanche, en cas de signalement de faits de harc\u00e8lement ou plus graves, il est obligatoire de r\u00e9aliser une enqu\u00eate (ou la faire r\u00e9aliser par un cabinet externe) afin de v\u00e9rifier la r\u00e9alit\u00e9, la nature et l\u2019ampleur des faits. Les jurisprudences pr\u00e9cisent le cadre et la m\u00e9thodologie de r\u00e9alisation de l\u2019enqu\u00eate, ce qui garantit sa confidentialit\u00e9, son impartialit\u00e9, son objectivit\u00e9, son exhaustivit\u00e9, sa loyaut\u00e9, son caract\u00e8re proportionn\u00e9 et le respect de la vie priv\u00e9e des parties prenantes notamment. L\u2019enqu\u00eate consiste en une s\u00e9rie d\u2019entretiens avec la personne victime, les t\u00e9moins directs et indirects et le recueil des \u00e9l\u00e9ments preuves mat\u00e9riels. La personne mise en cause est inform\u00e9e du lancement de l\u2019enqu\u00eate, des mesures conservatoires pouvant \u00eatre prises et, en cas de contradictoire, sera confront\u00e9e aux faits dans un dernier entretien afin qu\u2019elle donne sa version sur chacun d\u2019entre eux.<\/p>\n\n\n\n<p>L\u2019enqu\u00eate donne lieu \u00e0 la r\u00e9daction d\u2019un rapport reprenant les \u00e9l\u00e9ments de contexte, le cadre l\u00e9gal, les comptes-rendus d\u2019entretien, les \u00e9l\u00e9ments preuves, l\u2019analyse et les conclusions de l\u2019enqu\u00eate. Ce rapport d\u2019enqu\u00eate pourra \u00eatre transmis aux juges comp\u00e9tent\u00b7es si d\u2019autres voies judiciaires sont saisies.<\/p>\n\n\n\n<p>Si les faits signal\u00e9s sont corrobor\u00e9s par l\u2019enqu\u00eate, une proc\u00e9dure disciplinaire doit \u00eatre engag\u00e9e dans un d\u00e9lai de deux mois afin de sanctionner la personne autrice des faits.<\/p>\n\n\n<div class=\"wp-block-image\">\n<figure class=\"aligncenter size-large is-resized\"><img decoding=\"async\" width=\"1024\" height=\"1024\" src=\"https:\/\/rseattitude.fr\/wp-content\/uploads\/2024\/06\/diversite-1024x1024.jpg\" alt=\"\" class=\"wp-image-1715\" style=\"width:240px;height:auto\" srcset=\"https:\/\/rseattitude.fr\/wp-content\/uploads\/2024\/06\/diversite-1024x1024.jpg 1024w, https:\/\/rseattitude.fr\/wp-content\/uploads\/2024\/06\/diversite-300x300.jpg 300w, https:\/\/rseattitude.fr\/wp-content\/uploads\/2024\/06\/diversite-150x150.jpg 150w, https:\/\/rseattitude.fr\/wp-content\/uploads\/2024\/06\/diversite-768x768.jpg 768w, https:\/\/rseattitude.fr\/wp-content\/uploads\/2024\/06\/diversite-1536x1536.jpg 1536w, https:\/\/rseattitude.fr\/wp-content\/uploads\/2024\/06\/diversite-100x100.jpg 100w, https:\/\/rseattitude.fr\/wp-content\/uploads\/2024\/06\/diversite.jpg 1920w\" sizes=\"(max-width: 767px) 89vw, (max-width: 1000px) 54vw, (max-width: 1071px) 543px, 580px\" \/><\/figure><\/div>\n\n\n<p><strong>Quelles sont les \u00e9tapes clefs&nbsp;?<\/strong><\/p>\n\n\n\n<p>Toute structure peut \u00eatre concern\u00e9e par une situation de discrimination ou de violence au travail. Afin de ne pas se sentir d\u00e9muni\u00b7e face \u00e0 une alerte ou de ne pas laisser courir une situation, il est n\u00e9cessaire de&nbsp;:<\/p>\n\n\n\n<ul class=\"wp-block-list\">\n<li>Construire un plan d\u2019actions de pr\u00e9vention (information, sensibilisation, formation)<\/li>\n\n\n\n<li>Elaborer et communiquer des voies de signalement<\/li>\n\n\n\n<li>D\u00e9finir des proc\u00e9dures de traitement des alertes et outiller les parties prenantes<\/li>\n<\/ul>\n\n\n\n<p>Challenger les repr\u00e9sentations st\u00e9r\u00e9otyp\u00e9es, questionner la place de l\u2019humour, s\u2019exercer \u00e0 l\u2019empathie, analyser la jurisprudence, tester les proc\u00e9dures avec des mises en situation sont autant d\u2019outils indispensables pour agir efficacement sur les discriminations et violences au travail.<\/p>\n\n\n\n<p>N\u2019h\u00e9sitez pas \u00e0 nous solliciter <a href=\"https:\/\/rseattitude.fr\/index.php\/contact-conseil-rse-formation-rse-formation-developpement-durable\/\">par email ou t\u00e9l\u00e9phone <\/a>si vous souhaitez \u00eatre accompagn\u00e9\u00b7e sur ces sujets&nbsp;! <\/p>\n\n\n\n<p><\/p>\n","protected":false},"excerpt":{"rendered":"<p>Mathilde POLI, experte en mati\u00e8re d&rsquo;\u00e9galit\u00e9\/diversit\u00e9 pour RSE ATTITUDE nous livre un \u00e9clairage utile sur ce vaste sujet. Bonne lecture ! \u00ab&nbsp;L\u2019employeur prend les mesures n\u00e9cessaires pour assurer la s\u00e9curit\u00e9 et prot\u00e9ger la sant\u00e9 physique et mentale des travailleurs&nbsp;\u00bb (Article L4121-1 du Code du travail). De nombreuses jurisprudences rappellent une obligation de r\u00e9sultats en la &hellip; <\/p>\n<p class=\"link-more\"><a href=\"https:\/\/rseattitude.fr\/index.php\/2024\/06\/26\/lutte-contre-les-discriminations-et-les-violences-au-travail-comment-agir-efficacement-en-entreprise\/\" class=\"more-link\">Continuer la lecture<span class=\"screen-reader-text\"> de &laquo;&nbsp;Lutte contre les discriminations et les violences au travail, comment agir efficacement en entreprise\u00a0?&nbsp;&raquo;<\/span><\/a><\/p>\n","protected":false},"author":1,"featured_media":0,"comment_status":"closed","ping_status":"closed","sticky":false,"template":"","format":"standard","meta":{"footnotes":""},"categories":[1],"tags":[],"class_list":["post-1712","post","type-post","status-publish","format-standard","hentry","category-non-classe"],"_links":{"self":[{"href":"https:\/\/rseattitude.fr\/index.php\/wp-json\/wp\/v2\/posts\/1712"}],"collection":[{"href":"https:\/\/rseattitude.fr\/index.php\/wp-json\/wp\/v2\/posts"}],"about":[{"href":"https:\/\/rseattitude.fr\/index.php\/wp-json\/wp\/v2\/types\/post"}],"author":[{"embeddable":true,"href":"https:\/\/rseattitude.fr\/index.php\/wp-json\/wp\/v2\/users\/1"}],"replies":[{"embeddable":true,"href":"https:\/\/rseattitude.fr\/index.php\/wp-json\/wp\/v2\/comments?post=1712"}],"version-history":[{"count":5,"href":"https:\/\/rseattitude.fr\/index.php\/wp-json\/wp\/v2\/posts\/1712\/revisions"}],"predecessor-version":[{"id":1718,"href":"https:\/\/rseattitude.fr\/index.php\/wp-json\/wp\/v2\/posts\/1712\/revisions\/1718"}],"wp:attachment":[{"href":"https:\/\/rseattitude.fr\/index.php\/wp-json\/wp\/v2\/media?parent=1712"}],"wp:term":[{"taxonomy":"category","embeddable":true,"href":"https:\/\/rseattitude.fr\/index.php\/wp-json\/wp\/v2\/categories?post=1712"},{"taxonomy":"post_tag","embeddable":true,"href":"https:\/\/rseattitude.fr\/index.php\/wp-json\/wp\/v2\/tags?post=1712"}],"curies":[{"name":"wp","href":"https:\/\/api.w.org\/{rel}","templated":true}]}}