{"id":1004,"date":"2021-11-16T17:05:28","date_gmt":"2021-11-16T16:05:28","guid":{"rendered":"https:\/\/rseattitude.fr\/?p=1004"},"modified":"2021-11-17T17:35:02","modified_gmt":"2021-11-17T16:35:02","slug":"la-rse-au-coeur-du-savoir-faire-textile-francais","status":"publish","type":"post","link":"https:\/\/rseattitude.fr\/index.php\/2021\/11\/16\/la-rse-au-coeur-du-savoir-faire-textile-francais\/","title":{"rendered":"La RSE au c\u0153ur du savoir-faire textile fran\u00e7ais&#8230;"},"content":{"rendered":"\n<p>Aujourd\u2019hui, RSE ATTITUDE vous propose de vous immerger dans le savoir-faire textile <em>Made in France <\/em>avec l\u2019entreprise <a href=\"https:\/\/www.oriol-fontanel.fr\/\">ORIOL &amp; FONTANEL<\/a>. Cette PME fond\u00e9e il y a plus de 70 ans et situ\u00e9e dans la Loire, plus pr\u00e9cis\u00e9ment \u00e0 Andr\u00e9zieux Bouth\u00e9on tout proche de St Etienne, fait preuve d\u2019un engagement \u00e0 toute \u00e9preuve dans la RSE. <\/p>\n\n\n\n<div class=\"wp-block-image\"><figure class=\"aligncenter size-large is-resized\"><img decoding=\"async\" src=\"https:\/\/rseattitude.fr\/wp-content\/uploads\/2021\/11\/OF-HD-300x137-1.jpg\" alt=\"\" class=\"wp-image-1007\" width=\"142\" height=\"65\"\/><\/figure><\/div>\n\n\n\n<p>Accompagn\u00e9e par RSE ATTITUDE dans le cadre d\u2019une action collective orchestr\u00e9e par l\u2019association d\u2019insertion <a href=\"https:\/\/www.forez-entreprendre.fr\/\">FOREZ ENTREPRENDRE<\/a>, ce fut l\u2019occasion pour cette entreprise de mieux structurer sa d\u00e9marche de Responsabilit\u00e9 Soci\u00e9tale aboutissant notamment \u00e0 la publication de son premier rapport RSE en 2021. Mais laissons la parole \u00e0 son PDG, Laurent GERY, qui a eu l\u2019amabilit\u00e9 de nous partager son retour d\u2019exp\u00e9rience sur la RSE.<\/p>\n\n\n\n<ul class=\"wp-block-list\"><li><strong>Pouvez-vous nous pr\u00e9senter succinctement votre entreprise ?<\/strong><\/li><\/ul>\n\n\n\n<p>Oriol &amp; Fontanel est fabricant Fran\u00e7ais de rubans de packaging de luxe et de toutes solutions textiles pour habiller et d\u00e9corer les parfums, cosm\u00e9tiques et packagings. L\u2019entreprise a \u00e9t\u00e9 cr\u00e9\u00e9 en 1945 et est fier de disposer d\u2019un savoir faire et de mat\u00e9riels datant de cette \u00e9poque.<\/p>\n\n\n\n<div class=\"wp-block-image\"><figure class=\"aligncenter size-large is-resized\"><img fetchpriority=\"high\" decoding=\"async\" src=\"https:\/\/rseattitude.fr\/wp-content\/uploads\/2021\/11\/M\u00e9tier-oriol-grand-589x1024.jpg\" alt=\"\" class=\"wp-image-1005\" width=\"369\" height=\"641\" srcset=\"https:\/\/rseattitude.fr\/wp-content\/uploads\/2021\/11\/M\u00e9tier-oriol-grand-589x1024.jpg 589w, https:\/\/rseattitude.fr\/wp-content\/uploads\/2021\/11\/M\u00e9tier-oriol-grand-173x300.jpg 173w, https:\/\/rseattitude.fr\/wp-content\/uploads\/2021\/11\/M\u00e9tier-oriol-grand-768x1334.jpg 768w, https:\/\/rseattitude.fr\/wp-content\/uploads\/2021\/11\/M\u00e9tier-oriol-grand-884x1536.jpg 884w, https:\/\/rseattitude.fr\/wp-content\/uploads\/2021\/11\/M\u00e9tier-oriol-grand-1179x2048.jpg 1179w, https:\/\/rseattitude.fr\/wp-content\/uploads\/2021\/11\/M\u00e9tier-oriol-grand.jpg 1419w\" sizes=\"(max-width: 369px) 100vw, 369px\" \/><\/figure><\/div>\n\n\n\n<ul class=\"wp-block-list\"><li><strong>Pourquoi avoir d\u00e9cid\u00e9 d\u2019engager une d\u00e9marche RSE&nbsp;?<\/strong><\/li><\/ul>\n\n\n\n<p>En tant que PME labellis\u00e9e EPV (Entreprise du Patrimoine Vivant) nous nous devons de p\u00e9renniser nos m\u00e9tiers et sommes engag\u00e9s dans une d\u00e9marche RSE avec Forez entreprendre et RSE Attitude depuis 10 ans pour r\u00e9pondre et nous promouvoir aupr\u00e8s de nos clients. .<\/p>\n\n\n\n<ul class=\"wp-block-list\"><li><strong>Pourriez-vous nous partager 2 ou 3 bonnes pratiques RSE concr\u00e8tes mises en place dans votre entreprise&nbsp;?<\/strong><\/li><\/ul>\n\n\n\n<p>Sourcing responsable et recyclage des mati\u00e8res premi\u00e8res,<\/p>\n\n\n\n<p>Promotion de mati\u00e8res qui respectent les politiques de D\u00e9veloppement Durable,<\/p>\n\n\n\n<p>Embauche de personnel en difficult\u00e9,<\/p>\n\n\n\n<p>Implication des parties prenantes \u00e0 travers un code \u00e9thique interne et externe.<\/p>\n\n\n\n<p><\/p>\n\n\n\n<div class=\"wp-block-image\"><figure class=\"aligncenter size-large is-resized\"><img decoding=\"async\" src=\"https:\/\/rseattitude.fr\/wp-content\/uploads\/2021\/11\/Rubans.png\" alt=\"\" class=\"wp-image-1008\" width=\"188\" height=\"413\" srcset=\"https:\/\/rseattitude.fr\/wp-content\/uploads\/2021\/11\/Rubans.png 292w, https:\/\/rseattitude.fr\/wp-content\/uploads\/2021\/11\/Rubans-136x300.png 136w\" sizes=\"(max-width: 188px) 100vw, 188px\" \/><\/figure><\/div>\n\n\n\n<ul class=\"wp-block-list\"><li><strong>Quelles sont les principales difficult\u00e9s rencontr\u00e9es dans le cadre de votre d\u00e9marche RSE ?<\/strong><\/li><\/ul>\n\n\n\n<p>Globalement le personnel est motiv\u00e9 par la d\u00e9marche qui est devenue une d\u00e9marche de quotidien. Le plus difficile n\u2019est pas la motivation des personnes mais de leur d\u00e9gager de la disponibilit\u00e9 sur leur temps de travail pour appliquer et promouvoir nos actions de RSE.<\/p>\n\n\n\n<ul class=\"wp-block-list\"><li><strong>Quels grands avantages avez-vous retir\u00e9 de votre engagement dans la RSE&nbsp;?<\/strong><\/li><\/ul>\n\n\n\n<p>Via notre r\u00e9seau RSE nous avons acc\u00e8s \u00e0 une multitude d\u2019acteurs et partenaires qui nous aident \u00e0 d\u00e9velopper des solutions Eco responsables et dans le respect du d\u00e9veloppement durable. Sans un fort historique RSE dans l\u2019entreprise nous ne pourrions pas aujourd\u2019hui revendiquer 80% de nos fabrications \u00e0 partir mati\u00e8res Bio, recyclables, compostables, FSC. C\u2019est dans ce contexte que nous avons d\u00e9velopp\u00e9 notre concept TBCC (tout bio contenu et contenant) pour nos livraisons o\u00f9 100% du carton livr\u00e9 est FSC et bio.<\/p>\n\n\n\n<ul class=\"wp-block-list\"><li><strong>Pour terminer, si vous aviez un conseil \u00e0 donner \u00e0 une entreprise qui souhaite engager une d\u00e9marche RSE, quel serait-il&nbsp;?<\/strong><\/li><\/ul>\n\n\n\n<p>Appelez RSE Attitude&nbsp;\ud83d\ude0a<\/p>\n\n\n\n<div class=\"wp-block-image\"><figure class=\"aligncenter size-large is-resized\"><img loading=\"lazy\" decoding=\"async\" src=\"https:\/\/rseattitude.fr\/wp-content\/uploads\/2021\/11\/Oriol-b\u00e2timent-2.jpg\" alt=\"\" class=\"wp-image-1009\" width=\"327\" height=\"218\" srcset=\"https:\/\/rseattitude.fr\/wp-content\/uploads\/2021\/11\/Oriol-b\u00e2timent-2.jpg 677w, https:\/\/rseattitude.fr\/wp-content\/uploads\/2021\/11\/Oriol-b\u00e2timent-2-300x200.jpg 300w\" sizes=\"(max-width: 327px) 100vw, 327px\" \/><\/figure><\/div>\n\n\n\n<p><\/p>\n","protected":false},"excerpt":{"rendered":"<p>Aujourd\u2019hui, RSE ATTITUDE vous propose de vous immerger dans le savoir-faire textile Made in France avec l\u2019entreprise ORIOL &amp; FONTANEL. Cette PME fond\u00e9e il y a plus de 70 ans et situ\u00e9e dans la Loire, plus pr\u00e9cis\u00e9ment \u00e0 Andr\u00e9zieux Bouth\u00e9on tout proche de St Etienne, fait preuve d\u2019un engagement \u00e0 toute \u00e9preuve dans la RSE. &hellip; <\/p>\n<p class=\"link-more\"><a href=\"https:\/\/rseattitude.fr\/index.php\/2021\/11\/16\/la-rse-au-coeur-du-savoir-faire-textile-francais\/\" class=\"more-link\">Continuer la lecture<span class=\"screen-reader-text\"> de &laquo;&nbsp;La RSE au c\u0153ur du savoir-faire textile fran\u00e7ais&#8230;&nbsp;&raquo;<\/span><\/a><\/p>\n","protected":false},"author":1,"featured_media":0,"comment_status":"open","ping_status":"open","sticky":false,"template":"","format":"standard","meta":{"footnotes":""},"categories":[1],"tags":[],"class_list":["post-1004","post","type-post","status-publish","format-standard","hentry","category-non-classe"],"_links":{"self":[{"href":"https:\/\/rseattitude.fr\/index.php\/wp-json\/wp\/v2\/posts\/1004"}],"collection":[{"href":"https:\/\/rseattitude.fr\/index.php\/wp-json\/wp\/v2\/posts"}],"about":[{"href":"https:\/\/rseattitude.fr\/index.php\/wp-json\/wp\/v2\/types\/post"}],"author":[{"embeddable":true,"href":"https:\/\/rseattitude.fr\/index.php\/wp-json\/wp\/v2\/users\/1"}],"replies":[{"embeddable":true,"href":"https:\/\/rseattitude.fr\/index.php\/wp-json\/wp\/v2\/comments?post=1004"}],"version-history":[{"count":5,"href":"https:\/\/rseattitude.fr\/index.php\/wp-json\/wp\/v2\/posts\/1004\/revisions"}],"predecessor-version":[{"id":1014,"href":"https:\/\/rseattitude.fr\/index.php\/wp-json\/wp\/v2\/posts\/1004\/revisions\/1014"}],"wp:attachment":[{"href":"https:\/\/rseattitude.fr\/index.php\/wp-json\/wp\/v2\/media?parent=1004"}],"wp:term":[{"taxonomy":"category","embeddable":true,"href":"https:\/\/rseattitude.fr\/index.php\/wp-json\/wp\/v2\/categories?post=1004"},{"taxonomy":"post_tag","embeddable":true,"href":"https:\/\/rseattitude.fr\/index.php\/wp-json\/wp\/v2\/tags?post=1004"}],"curies":[{"name":"wp","href":"https:\/\/api.w.org\/{rel}","templated":true}]}}